{"id":54459,"date":"2025-04-07T15:56:18","date_gmt":"2025-04-07T13:56:18","guid":{"rendered":"https:\/\/www.oscardimontigny.it\/il-prezzo-di-una-bomba-il-valore-di-una-vita\/"},"modified":"2025-04-07T16:31:55","modified_gmt":"2025-04-07T14:31:55","slug":"il-prezzo-di-una-bomba-il-valore-di-una-vita","status":"publish","type":"post","link":"https:\/\/www.oscardimontigny.it\/es\/il-prezzo-di-una-bomba-il-valore-di-una-vita\/","title":{"rendered":"Il prezzo di una bomba o il valore di una vita?"},"content":{"rendered":"","protected":false},"excerpt":{"rendered":"<p>Quanto vale una vita umana in tempi di guerra? Riflessioni profonde sul costo dei conflitti e sull\u2019urgenza di riscoprire l\u2019umanit\u00e0.<\/p>\n","protected":false},"author":2,"featured_media":54449,"comment_status":"closed","ping_status":"closed","sticky":false,"template":"","format":"standard","meta":{"_acf_changed":false,"footnotes":""},"categories":[710,709,708,79,75,83,85],"tags":[711,712,713,714,715,716,717,718,719],"class_list":["post-54459","post","type-post","status-publish","format-standard","has-post-thumbnail","hentry","category-sferismo-es","category-guerra-es","category-pace-es","category-amor","category-economia-esferica","category-educacion","category-sustentabilidad","tag-amore-es","tag-comunita-es","tag-economia-sferica-es","tag-guerra-es","tag-humanovability-es","tag-pace-es","tag-sferismo-es","tag-spese-militari-es","tag-unione-europea-es"],"acf":[],"yoast_head":"<!-- This site is optimized with the Yoast SEO plugin v27.1.1 - https:\/\/yoast.com\/product\/yoast-seo-wordpress\/ -->\n<title>Il prezzo di una bomba o il valore di una vita? - Oscar Di Montigny<\/title>\n<meta name=\"robots\" content=\"index, follow, max-snippet:-1, max-image-preview:large, max-video-preview:-1\" \/>\n<link rel=\"canonical\" href=\"https:\/\/www.oscardimontigny.it\/es\/il-prezzo-di-una-bomba-il-valore-di-una-vita\/\" \/>\n<meta property=\"og:locale\" content=\"es_ES\" \/>\n<meta property=\"og:type\" content=\"article\" \/>\n<meta property=\"og:title\" content=\"Il prezzo di una bomba o il valore di una vita? - Oscar Di Montigny\" \/>\n<meta property=\"og:description\" content=\"Quanto vale una vita umana in tempi di guerra? Riflessioni profonde sul costo dei conflitti e sull\u2019urgenza di riscoprire l\u2019umanit\u00e0.\" \/>\n<meta property=\"og:url\" content=\"https:\/\/www.oscardimontigny.it\/es\/il-prezzo-di-una-bomba-il-valore-di-una-vita\/\" \/>\n<meta property=\"og:site_name\" content=\"Oscar Di Montigny\" \/>\n<meta property=\"article:published_time\" content=\"2025-04-07T13:56:18+00:00\" \/>\n<meta property=\"article:modified_time\" content=\"2025-04-07T14:31:55+00:00\" \/>\n<meta property=\"og:image\" content=\"https:\/\/www.oscardimontigny.it\/wp-content\/uploads\/2025\/04\/2ae2b5df-f75c-4377-8ca0-a59036541736-683x1024.png\" \/>\n\t<meta property=\"og:image:width\" content=\"683\" \/>\n\t<meta property=\"og:image:height\" content=\"1024\" \/>\n\t<meta property=\"og:image:type\" content=\"image\/png\" \/>\n<meta name=\"author\" content=\"Giuliano Di Caro\" \/>\n<meta name=\"twitter:card\" content=\"summary_large_image\" \/>\n<meta name=\"twitter:label1\" content=\"Written by\" \/>\n\t<meta name=\"twitter:data1\" content=\"Giuliano Di Caro\" \/>\n<script type=\"application\/ld+json\" class=\"yoast-schema-graph\">{\"@context\":\"https:\/\/schema.org\",\"@graph\":[{\"@type\":\"Article\",\"@id\":\"https:\/\/www.oscardimontigny.it\/es\/il-prezzo-di-una-bomba-il-valore-di-una-vita\/#article\",\"isPartOf\":{\"@id\":\"https:\/\/www.oscardimontigny.it\/es\/il-prezzo-di-una-bomba-il-valore-di-una-vita\/\"},\"author\":{\"name\":\"Giuliano Di Caro\",\"@id\":\"https:\/\/www.oscardimontigny.it\/es\/#\/schema\/person\/b399c4332eb73d4d7d00652a4fa31624\"},\"headline\":\"Il prezzo di una bomba o il valore di una vita?\",\"datePublished\":\"2025-04-07T13:56:18+00:00\",\"dateModified\":\"2025-04-07T14:31:55+00:00\",\"mainEntityOfPage\":{\"@id\":\"https:\/\/www.oscardimontigny.it\/es\/il-prezzo-di-una-bomba-il-valore-di-una-vita\/\"},\"wordCount\":11,\"image\":{\"@id\":\"https:\/\/www.oscardimontigny.it\/es\/il-prezzo-di-una-bomba-il-valore-di-una-vita\/#primaryimage\"},\"thumbnailUrl\":\"https:\/\/www.oscardimontigny.it\/wp-content\/uploads\/2025\/04\/2ae2b5df-f75c-4377-8ca0-a59036541736.png\",\"keywords\":[\"amore\",\"Comunit\u00e0\",\"economia sferica\",\"guerra\",\"Humanovability\",\"pace\",\"sferismo\",\"spese militari\",\"unione europea\"],\"articleSection\":[\"Sferismo\",\"Guerra\",\"Pace\",\"Amor\",\"Econom\u00eda Esf\u00e9rica\",\"Educaci\u00f3n\",\"Sustentabilidad\"],\"inLanguage\":\"es-ES\"},{\"@type\":\"WebPage\",\"@id\":\"https:\/\/www.oscardimontigny.it\/es\/il-prezzo-di-una-bomba-il-valore-di-una-vita\/\",\"url\":\"https:\/\/www.oscardimontigny.it\/es\/il-prezzo-di-una-bomba-il-valore-di-una-vita\/\",\"name\":\"Il prezzo di una bomba o il valore di una vita? - Oscar Di Montigny\",\"isPartOf\":{\"@id\":\"https:\/\/www.oscardimontigny.it\/es\/#website\"},\"primaryImageOfPage\":{\"@id\":\"https:\/\/www.oscardimontigny.it\/es\/il-prezzo-di-una-bomba-il-valore-di-una-vita\/#primaryimage\"},\"image\":{\"@id\":\"https:\/\/www.oscardimontigny.it\/es\/il-prezzo-di-una-bomba-il-valore-di-una-vita\/#primaryimage\"},\"thumbnailUrl\":\"https:\/\/www.oscardimontigny.it\/wp-content\/uploads\/2025\/04\/2ae2b5df-f75c-4377-8ca0-a59036541736.png\",\"datePublished\":\"2025-04-07T13:56:18+00:00\",\"dateModified\":\"2025-04-07T14:31:55+00:00\",\"author\":{\"@id\":\"https:\/\/www.oscardimontigny.it\/es\/#\/schema\/person\/b399c4332eb73d4d7d00652a4fa31624\"},\"inLanguage\":\"es-ES\",\"potentialAction\":[{\"@type\":\"ReadAction\",\"target\":[\"https:\/\/www.oscardimontigny.it\/es\/il-prezzo-di-una-bomba-il-valore-di-una-vita\/\"]}]},{\"@type\":\"ImageObject\",\"inLanguage\":\"es-ES\",\"@id\":\"https:\/\/www.oscardimontigny.it\/es\/il-prezzo-di-una-bomba-il-valore-di-una-vita\/#primaryimage\",\"url\":\"https:\/\/www.oscardimontigny.it\/wp-content\/uploads\/2025\/04\/2ae2b5df-f75c-4377-8ca0-a59036541736.png\",\"contentUrl\":\"https:\/\/www.oscardimontigny.it\/wp-content\/uploads\/2025\/04\/2ae2b5df-f75c-4377-8ca0-a59036541736.png\",\"width\":1024,\"height\":1536},{\"@type\":\"WebSite\",\"@id\":\"https:\/\/www.oscardimontigny.it\/es\/#website\",\"url\":\"https:\/\/www.oscardimontigny.it\/es\/\",\"name\":\"Oscar Di Montigny\",\"description\":\"\",\"potentialAction\":[{\"@type\":\"SearchAction\",\"target\":{\"@type\":\"EntryPoint\",\"urlTemplate\":\"https:\/\/www.oscardimontigny.it\/es\/?s={search_term_string}\"},\"query-input\":{\"@type\":\"PropertyValueSpecification\",\"valueRequired\":true,\"valueName\":\"search_term_string\"}}],\"inLanguage\":\"es-ES\"},{\"@type\":\"Person\",\"@id\":\"https:\/\/www.oscardimontigny.it\/es\/#\/schema\/person\/b399c4332eb73d4d7d00652a4fa31624\",\"name\":\"Giuliano Di Caro\",\"url\":\"https:\/\/www.oscardimontigny.it\/es\/author\/giuliano\/\"}]}<\/script>\n<!-- \/ Yoast SEO plugin. -->","yoast_head_json":{"title":"Il prezzo di una bomba o il valore di una vita? - Oscar Di Montigny","robots":{"index":"index","follow":"follow","max-snippet":"max-snippet:-1","max-image-preview":"max-image-preview:large","max-video-preview":"max-video-preview:-1"},"canonical":"https:\/\/www.oscardimontigny.it\/es\/il-prezzo-di-una-bomba-il-valore-di-una-vita\/","og_locale":"es_ES","og_type":"article","og_title":"Il prezzo di una bomba o il valore di una vita? - Oscar Di Montigny","og_description":"Quanto vale una vita umana in tempi di guerra? Riflessioni profonde sul costo dei conflitti e sull\u2019urgenza di riscoprire l\u2019umanit\u00e0.","og_url":"https:\/\/www.oscardimontigny.it\/es\/il-prezzo-di-una-bomba-il-valore-di-una-vita\/","og_site_name":"Oscar Di Montigny","article_published_time":"2025-04-07T13:56:18+00:00","article_modified_time":"2025-04-07T14:31:55+00:00","og_image":[{"width":683,"height":1024,"url":"https:\/\/www.oscardimontigny.it\/wp-content\/uploads\/2025\/04\/2ae2b5df-f75c-4377-8ca0-a59036541736-683x1024.png","type":"image\/png"}],"author":"Giuliano Di Caro","twitter_card":"summary_large_image","twitter_misc":{"Written by":"Giuliano Di Caro"},"schema":{"@context":"https:\/\/schema.org","@graph":[{"@type":"Article","@id":"https:\/\/www.oscardimontigny.it\/es\/il-prezzo-di-una-bomba-il-valore-di-una-vita\/#article","isPartOf":{"@id":"https:\/\/www.oscardimontigny.it\/es\/il-prezzo-di-una-bomba-il-valore-di-una-vita\/"},"author":{"name":"Giuliano Di Caro","@id":"https:\/\/www.oscardimontigny.it\/es\/#\/schema\/person\/b399c4332eb73d4d7d00652a4fa31624"},"headline":"Il prezzo di una bomba o il valore di una vita?","datePublished":"2025-04-07T13:56:18+00:00","dateModified":"2025-04-07T14:31:55+00:00","mainEntityOfPage":{"@id":"https:\/\/www.oscardimontigny.it\/es\/il-prezzo-di-una-bomba-il-valore-di-una-vita\/"},"wordCount":11,"image":{"@id":"https:\/\/www.oscardimontigny.it\/es\/il-prezzo-di-una-bomba-il-valore-di-una-vita\/#primaryimage"},"thumbnailUrl":"https:\/\/www.oscardimontigny.it\/wp-content\/uploads\/2025\/04\/2ae2b5df-f75c-4377-8ca0-a59036541736.png","keywords":["amore","Comunit\u00e0","economia sferica","guerra","Humanovability","pace","sferismo","spese militari","unione europea"],"articleSection":["Sferismo","Guerra","Pace","Amor","Econom\u00eda Esf\u00e9rica","Educaci\u00f3n","Sustentabilidad"],"inLanguage":"es-ES"},{"@type":"WebPage","@id":"https:\/\/www.oscardimontigny.it\/es\/il-prezzo-di-una-bomba-il-valore-di-una-vita\/","url":"https:\/\/www.oscardimontigny.it\/es\/il-prezzo-di-una-bomba-il-valore-di-una-vita\/","name":"Il prezzo di una bomba o il valore di una vita? - Oscar Di Montigny","isPartOf":{"@id":"https:\/\/www.oscardimontigny.it\/es\/#website"},"primaryImageOfPage":{"@id":"https:\/\/www.oscardimontigny.it\/es\/il-prezzo-di-una-bomba-il-valore-di-una-vita\/#primaryimage"},"image":{"@id":"https:\/\/www.oscardimontigny.it\/es\/il-prezzo-di-una-bomba-il-valore-di-una-vita\/#primaryimage"},"thumbnailUrl":"https:\/\/www.oscardimontigny.it\/wp-content\/uploads\/2025\/04\/2ae2b5df-f75c-4377-8ca0-a59036541736.png","datePublished":"2025-04-07T13:56:18+00:00","dateModified":"2025-04-07T14:31:55+00:00","author":{"@id":"https:\/\/www.oscardimontigny.it\/es\/#\/schema\/person\/b399c4332eb73d4d7d00652a4fa31624"},"inLanguage":"es-ES","potentialAction":[{"@type":"ReadAction","target":["https:\/\/www.oscardimontigny.it\/es\/il-prezzo-di-una-bomba-il-valore-di-una-vita\/"]}]},{"@type":"ImageObject","inLanguage":"es-ES","@id":"https:\/\/www.oscardimontigny.it\/es\/il-prezzo-di-una-bomba-il-valore-di-una-vita\/#primaryimage","url":"https:\/\/www.oscardimontigny.it\/wp-content\/uploads\/2025\/04\/2ae2b5df-f75c-4377-8ca0-a59036541736.png","contentUrl":"https:\/\/www.oscardimontigny.it\/wp-content\/uploads\/2025\/04\/2ae2b5df-f75c-4377-8ca0-a59036541736.png","width":1024,"height":1536},{"@type":"WebSite","@id":"https:\/\/www.oscardimontigny.it\/es\/#website","url":"https:\/\/www.oscardimontigny.it\/es\/","name":"Oscar Di Montigny","description":"","potentialAction":[{"@type":"SearchAction","target":{"@type":"EntryPoint","urlTemplate":"https:\/\/www.oscardimontigny.it\/es\/?s={search_term_string}"},"query-input":{"@type":"PropertyValueSpecification","valueRequired":true,"valueName":"search_term_string"}}],"inLanguage":"es-ES"},{"@type":"Person","@id":"https:\/\/www.oscardimontigny.it\/es\/#\/schema\/person\/b399c4332eb73d4d7d00652a4fa31624","name":"Giuliano Di Caro","url":"https:\/\/www.oscardimontigny.it\/es\/author\/giuliano\/"}]}},"_links":{"self":[{"href":"https:\/\/www.oscardimontigny.it\/es\/wp-json\/wp\/v2\/posts\/54459","targetHints":{"allow":["GET"]}}],"collection":[{"href":"https:\/\/www.oscardimontigny.it\/es\/wp-json\/wp\/v2\/posts"}],"about":[{"href":"https:\/\/www.oscardimontigny.it\/es\/wp-json\/wp\/v2\/types\/post"}],"author":[{"embeddable":true,"href":"https:\/\/www.oscardimontigny.it\/es\/wp-json\/wp\/v2\/users\/2"}],"replies":[{"embeddable":true,"href":"https:\/\/www.oscardimontigny.it\/es\/wp-json\/wp\/v2\/comments?post=54459"}],"version-history":[{"count":5,"href":"https:\/\/www.oscardimontigny.it\/es\/wp-json\/wp\/v2\/posts\/54459\/revisions"}],"predecessor-version":[{"id":54480,"href":"https:\/\/www.oscardimontigny.it\/es\/wp-json\/wp\/v2\/posts\/54459\/revisions\/54480"}],"wp:featuredmedia":[{"embeddable":true,"href":"https:\/\/www.oscardimontigny.it\/es\/wp-json\/wp\/v2\/media\/54449"}],"wp:attachment":[{"href":"https:\/\/www.oscardimontigny.it\/es\/wp-json\/wp\/v2\/media?parent=54459"}],"wp:term":[{"taxonomy":"category","embeddable":true,"href":"https:\/\/www.oscardimontigny.it\/es\/wp-json\/wp\/v2\/categories?post=54459"},{"taxonomy":"post_tag","embeddable":true,"href":"https:\/\/www.oscardimontigny.it\/es\/wp-json\/wp\/v2\/tags?post=54459"}],"curies":[{"name":"wp","href":"https:\/\/api.w.org\/{rel}","templated":true}]}}