{"id":45487,"date":"2015-10-15T13:50:53","date_gmt":"2015-10-15T11:50:53","guid":{"rendered":"https:\/\/www.oscardimontigny.it\/infografica-i-miei-numeri-al-world-business-forum-di-madrid\/"},"modified":"2021-10-06T15:14:28","modified_gmt":"2021-10-06T13:14:28","slug":"oscar-en-el-world-business-forum-en-madrid-linfografia","status":"publish","type":"post","link":"https:\/\/www.oscardimontigny.it\/es\/oscar-en-el-world-business-forum-en-madrid-linfografia\/","title":{"rendered":"Oscar en el World Business Forum en Madrid: l&#8217;infograf\u00eda"},"content":{"rendered":"","protected":false},"excerpt":{"rendered":"<p>En una infograf\u00eda, los n\u00fameros de mi intervenci\u00f3n en el World Business Forum 2015 en Madrid. <\/p>\n","protected":false},"author":1,"featured_media":44766,"comment_status":"closed","ping_status":"closed","sticky":false,"template":"","format":"standard","meta":{"_acf_changed":false,"footnotes":""},"categories":[76,73,75,89,105],"tags":[],"class_list":["post-45487","post","type-post","status-publish","format-standard","has-post-thumbnail","hentry","category-economia-0-0-es","category-humanovability-es","category-economia-esferica","category-marketing-es","category-futurability-es"],"acf":[],"yoast_head":"<!-- This site is optimized with the Yoast SEO plugin v27.1.1 - https:\/\/yoast.com\/product\/yoast-seo-wordpress\/ -->\n<title>Oscar en el World Business Forum en Madrid: l&#039;infograf\u00eda - Oscar Di Montigny<\/title>\n<meta name=\"robots\" content=\"index, follow, max-snippet:-1, max-image-preview:large, max-video-preview:-1\" \/>\n<link rel=\"canonical\" href=\"https:\/\/www.oscardimontigny.it\/es\/oscar-en-el-world-business-forum-en-madrid-linfografia\/\" \/>\n<meta property=\"og:locale\" content=\"es_ES\" \/>\n<meta property=\"og:type\" content=\"article\" \/>\n<meta property=\"og:title\" content=\"Oscar en el World Business Forum en Madrid: l&#039;infograf\u00eda - Oscar Di Montigny\" \/>\n<meta property=\"og:description\" content=\"En una infograf\u00eda, los n\u00fameros de mi intervenci\u00f3n en el World Business Forum 2015 en Madrid.\" \/>\n<meta property=\"og:url\" content=\"https:\/\/www.oscardimontigny.it\/es\/oscar-en-el-world-business-forum-en-madrid-linfografia\/\" \/>\n<meta property=\"og:site_name\" content=\"Oscar Di Montigny\" \/>\n<meta property=\"article:published_time\" content=\"2015-10-15T11:50:53+00:00\" \/>\n<meta property=\"article:modified_time\" content=\"2021-10-06T13:14:28+00:00\" \/>\n<meta property=\"og:image\" content=\"https:\/\/www.oscardimontigny.it\/wp-content\/uploads\/2021\/10\/cover_wbfmad_copertina.jpg\" \/>\n\t<meta property=\"og:image:width\" content=\"880\" \/>\n\t<meta property=\"og:image:height\" content=\"202\" \/>\n\t<meta property=\"og:image:type\" content=\"image\/jpeg\" \/>\n<meta name=\"author\" content=\"nexusadmin\" \/>\n<meta name=\"twitter:card\" content=\"summary_large_image\" \/>\n<meta name=\"twitter:label1\" content=\"Written by\" \/>\n\t<meta name=\"twitter:data1\" content=\"nexusadmin\" \/>\n<script type=\"application\/ld+json\" class=\"yoast-schema-graph\">{\"@context\":\"https:\/\/schema.org\",\"@graph\":[{\"@type\":\"Article\",\"@id\":\"https:\/\/www.oscardimontigny.it\/es\/oscar-en-el-world-business-forum-en-madrid-linfografia\/#article\",\"isPartOf\":{\"@id\":\"https:\/\/www.oscardimontigny.it\/es\/oscar-en-el-world-business-forum-en-madrid-linfografia\/\"},\"author\":{\"name\":\"nexusadmin\",\"@id\":\"https:\/\/www.oscardimontigny.it\/es\/#\/schema\/person\/f8333a530e83dd2525150b4b6fd58f39\"},\"headline\":\"Oscar en el World Business Forum en Madrid: l&#8217;infograf\u00eda\",\"datePublished\":\"2015-10-15T11:50:53+00:00\",\"dateModified\":\"2021-10-06T13:14:28+00:00\",\"mainEntityOfPage\":{\"@id\":\"https:\/\/www.oscardimontigny.it\/es\/oscar-en-el-world-business-forum-en-madrid-linfografia\/\"},\"wordCount\":11,\"image\":{\"@id\":\"https:\/\/www.oscardimontigny.it\/es\/oscar-en-el-world-business-forum-en-madrid-linfografia\/#primaryimage\"},\"thumbnailUrl\":\"https:\/\/www.oscardimontigny.it\/wp-content\/uploads\/2021\/10\/cover_wbfmad_copertina.jpg\",\"articleSection\":[\"Econom\u00eda 0.0\",\"Humanovability\",\"Econom\u00eda Esf\u00e9rica\",\"M\u00e1rketing\",\"Futurability\"],\"inLanguage\":\"es-ES\"},{\"@type\":\"WebPage\",\"@id\":\"https:\/\/www.oscardimontigny.it\/es\/oscar-en-el-world-business-forum-en-madrid-linfografia\/\",\"url\":\"https:\/\/www.oscardimontigny.it\/es\/oscar-en-el-world-business-forum-en-madrid-linfografia\/\",\"name\":\"Oscar en el World Business Forum en Madrid: l'infograf\u00eda - Oscar Di Montigny\",\"isPartOf\":{\"@id\":\"https:\/\/www.oscardimontigny.it\/es\/#website\"},\"primaryImageOfPage\":{\"@id\":\"https:\/\/www.oscardimontigny.it\/es\/oscar-en-el-world-business-forum-en-madrid-linfografia\/#primaryimage\"},\"image\":{\"@id\":\"https:\/\/www.oscardimontigny.it\/es\/oscar-en-el-world-business-forum-en-madrid-linfografia\/#primaryimage\"},\"thumbnailUrl\":\"https:\/\/www.oscardimontigny.it\/wp-content\/uploads\/2021\/10\/cover_wbfmad_copertina.jpg\",\"datePublished\":\"2015-10-15T11:50:53+00:00\",\"dateModified\":\"2021-10-06T13:14:28+00:00\",\"author\":{\"@id\":\"https:\/\/www.oscardimontigny.it\/es\/#\/schema\/person\/f8333a530e83dd2525150b4b6fd58f39\"},\"inLanguage\":\"es-ES\",\"potentialAction\":[{\"@type\":\"ReadAction\",\"target\":[\"https:\/\/www.oscardimontigny.it\/es\/oscar-en-el-world-business-forum-en-madrid-linfografia\/\"]}]},{\"@type\":\"ImageObject\",\"inLanguage\":\"es-ES\",\"@id\":\"https:\/\/www.oscardimontigny.it\/es\/oscar-en-el-world-business-forum-en-madrid-linfografia\/#primaryimage\",\"url\":\"https:\/\/www.oscardimontigny.it\/wp-content\/uploads\/2021\/10\/cover_wbfmad_copertina.jpg\",\"contentUrl\":\"https:\/\/www.oscardimontigny.it\/wp-content\/uploads\/2021\/10\/cover_wbfmad_copertina.jpg\",\"width\":880,\"height\":202},{\"@type\":\"WebSite\",\"@id\":\"https:\/\/www.oscardimontigny.it\/es\/#website\",\"url\":\"https:\/\/www.oscardimontigny.it\/es\/\",\"name\":\"Oscar Di Montigny\",\"description\":\"\",\"potentialAction\":[{\"@type\":\"SearchAction\",\"target\":{\"@type\":\"EntryPoint\",\"urlTemplate\":\"https:\/\/www.oscardimontigny.it\/es\/?s={search_term_string}\"},\"query-input\":{\"@type\":\"PropertyValueSpecification\",\"valueRequired\":true,\"valueName\":\"search_term_string\"}}],\"inLanguage\":\"es-ES\"},{\"@type\":\"Person\",\"@id\":\"https:\/\/www.oscardimontigny.it\/es\/#\/schema\/person\/f8333a530e83dd2525150b4b6fd58f39\",\"name\":\"nexusadmin\",\"sameAs\":[\"https:\/\/www.oscardimontigny.it\"],\"url\":\"https:\/\/www.oscardimontigny.it\/es\/author\/nexusadmin\/\"}]}<\/script>\n<!-- \/ Yoast SEO plugin. -->","yoast_head_json":{"title":"Oscar en el World Business Forum en Madrid: l'infograf\u00eda - Oscar Di Montigny","robots":{"index":"index","follow":"follow","max-snippet":"max-snippet:-1","max-image-preview":"max-image-preview:large","max-video-preview":"max-video-preview:-1"},"canonical":"https:\/\/www.oscardimontigny.it\/es\/oscar-en-el-world-business-forum-en-madrid-linfografia\/","og_locale":"es_ES","og_type":"article","og_title":"Oscar en el World Business Forum en Madrid: l'infograf\u00eda - Oscar Di Montigny","og_description":"En una infograf\u00eda, los n\u00fameros de mi intervenci\u00f3n en el World Business Forum 2015 en Madrid.","og_url":"https:\/\/www.oscardimontigny.it\/es\/oscar-en-el-world-business-forum-en-madrid-linfografia\/","og_site_name":"Oscar Di Montigny","article_published_time":"2015-10-15T11:50:53+00:00","article_modified_time":"2021-10-06T13:14:28+00:00","og_image":[{"width":880,"height":202,"url":"https:\/\/www.oscardimontigny.it\/wp-content\/uploads\/2021\/10\/cover_wbfmad_copertina.jpg","type":"image\/jpeg"}],"author":"nexusadmin","twitter_card":"summary_large_image","twitter_misc":{"Written by":"nexusadmin"},"schema":{"@context":"https:\/\/schema.org","@graph":[{"@type":"Article","@id":"https:\/\/www.oscardimontigny.it\/es\/oscar-en-el-world-business-forum-en-madrid-linfografia\/#article","isPartOf":{"@id":"https:\/\/www.oscardimontigny.it\/es\/oscar-en-el-world-business-forum-en-madrid-linfografia\/"},"author":{"name":"nexusadmin","@id":"https:\/\/www.oscardimontigny.it\/es\/#\/schema\/person\/f8333a530e83dd2525150b4b6fd58f39"},"headline":"Oscar en el World Business Forum en Madrid: l&#8217;infograf\u00eda","datePublished":"2015-10-15T11:50:53+00:00","dateModified":"2021-10-06T13:14:28+00:00","mainEntityOfPage":{"@id":"https:\/\/www.oscardimontigny.it\/es\/oscar-en-el-world-business-forum-en-madrid-linfografia\/"},"wordCount":11,"image":{"@id":"https:\/\/www.oscardimontigny.it\/es\/oscar-en-el-world-business-forum-en-madrid-linfografia\/#primaryimage"},"thumbnailUrl":"https:\/\/www.oscardimontigny.it\/wp-content\/uploads\/2021\/10\/cover_wbfmad_copertina.jpg","articleSection":["Econom\u00eda 0.0","Humanovability","Econom\u00eda Esf\u00e9rica","M\u00e1rketing","Futurability"],"inLanguage":"es-ES"},{"@type":"WebPage","@id":"https:\/\/www.oscardimontigny.it\/es\/oscar-en-el-world-business-forum-en-madrid-linfografia\/","url":"https:\/\/www.oscardimontigny.it\/es\/oscar-en-el-world-business-forum-en-madrid-linfografia\/","name":"Oscar en el World Business Forum en Madrid: l'infograf\u00eda - Oscar Di Montigny","isPartOf":{"@id":"https:\/\/www.oscardimontigny.it\/es\/#website"},"primaryImageOfPage":{"@id":"https:\/\/www.oscardimontigny.it\/es\/oscar-en-el-world-business-forum-en-madrid-linfografia\/#primaryimage"},"image":{"@id":"https:\/\/www.oscardimontigny.it\/es\/oscar-en-el-world-business-forum-en-madrid-linfografia\/#primaryimage"},"thumbnailUrl":"https:\/\/www.oscardimontigny.it\/wp-content\/uploads\/2021\/10\/cover_wbfmad_copertina.jpg","datePublished":"2015-10-15T11:50:53+00:00","dateModified":"2021-10-06T13:14:28+00:00","author":{"@id":"https:\/\/www.oscardimontigny.it\/es\/#\/schema\/person\/f8333a530e83dd2525150b4b6fd58f39"},"inLanguage":"es-ES","potentialAction":[{"@type":"ReadAction","target":["https:\/\/www.oscardimontigny.it\/es\/oscar-en-el-world-business-forum-en-madrid-linfografia\/"]}]},{"@type":"ImageObject","inLanguage":"es-ES","@id":"https:\/\/www.oscardimontigny.it\/es\/oscar-en-el-world-business-forum-en-madrid-linfografia\/#primaryimage","url":"https:\/\/www.oscardimontigny.it\/wp-content\/uploads\/2021\/10\/cover_wbfmad_copertina.jpg","contentUrl":"https:\/\/www.oscardimontigny.it\/wp-content\/uploads\/2021\/10\/cover_wbfmad_copertina.jpg","width":880,"height":202},{"@type":"WebSite","@id":"https:\/\/www.oscardimontigny.it\/es\/#website","url":"https:\/\/www.oscardimontigny.it\/es\/","name":"Oscar Di Montigny","description":"","potentialAction":[{"@type":"SearchAction","target":{"@type":"EntryPoint","urlTemplate":"https:\/\/www.oscardimontigny.it\/es\/?s={search_term_string}"},"query-input":{"@type":"PropertyValueSpecification","valueRequired":true,"valueName":"search_term_string"}}],"inLanguage":"es-ES"},{"@type":"Person","@id":"https:\/\/www.oscardimontigny.it\/es\/#\/schema\/person\/f8333a530e83dd2525150b4b6fd58f39","name":"nexusadmin","sameAs":["https:\/\/www.oscardimontigny.it"],"url":"https:\/\/www.oscardimontigny.it\/es\/author\/nexusadmin\/"}]}},"_links":{"self":[{"href":"https:\/\/www.oscardimontigny.it\/es\/wp-json\/wp\/v2\/posts\/45487","targetHints":{"allow":["GET"]}}],"collection":[{"href":"https:\/\/www.oscardimontigny.it\/es\/wp-json\/wp\/v2\/posts"}],"about":[{"href":"https:\/\/www.oscardimontigny.it\/es\/wp-json\/wp\/v2\/types\/post"}],"author":[{"embeddable":true,"href":"https:\/\/www.oscardimontigny.it\/es\/wp-json\/wp\/v2\/users\/1"}],"replies":[{"embeddable":true,"href":"https:\/\/www.oscardimontigny.it\/es\/wp-json\/wp\/v2\/comments?post=45487"}],"version-history":[{"count":2,"href":"https:\/\/www.oscardimontigny.it\/es\/wp-json\/wp\/v2\/posts\/45487\/revisions"}],"predecessor-version":[{"id":45489,"href":"https:\/\/www.oscardimontigny.it\/es\/wp-json\/wp\/v2\/posts\/45487\/revisions\/45489"}],"wp:featuredmedia":[{"embeddable":true,"href":"https:\/\/www.oscardimontigny.it\/es\/wp-json\/wp\/v2\/media\/44766"}],"wp:attachment":[{"href":"https:\/\/www.oscardimontigny.it\/es\/wp-json\/wp\/v2\/media?parent=45487"}],"wp:term":[{"taxonomy":"category","embeddable":true,"href":"https:\/\/www.oscardimontigny.it\/es\/wp-json\/wp\/v2\/categories?post=45487"},{"taxonomy":"post_tag","embeddable":true,"href":"https:\/\/www.oscardimontigny.it\/es\/wp-json\/wp\/v2\/tags?post=45487"}],"curies":[{"name":"wp","href":"https:\/\/api.w.org\/{rel}","templated":true}]}}