{"id":39695,"date":"2014-10-09T15:16:48","date_gmt":"2014-10-09T13:16:48","guid":{"rendered":"https:\/\/www.oscardimontigny.it\/nato-per-imparare-fatto\/"},"modified":"2021-09-23T12:02:16","modified_gmt":"2021-09-23T10:02:16","slug":"nacido-para-aprender","status":"publish","type":"post","link":"https:\/\/www.oscardimontigny.it\/es\/nacido-para-aprender\/","title":{"rendered":"\u00a1Has Nacido Para Aprender y Debes Hacerlo Ahora!"},"content":{"rendered":"<p>El viernes 18 y el s\u00e1bado 19 de noviembre de 2013 particip\u00e9 en un evento extraordinario en As\u00eds: 21min \u2013 Los Conocimiento de la Excelencia (<a href=\"http:\/\/www.21min.org\" target=\"_blank\" rel=\"noopener\">www.21min.org<\/a> ). Era la tercera edici\u00f3n, la primera en As\u00eds tras dos celebradas en Mil\u00e1n anteriormente. Esta vez me qued\u00e9 prendado de unos pasajes contenidos en el folleto descargado en l\u00ednea que me parecieron de gran actualidad (que cito textualmente:).<\/p>\n<p>LA REVOLUCI\u00d3N EST\u00c1 EN ACTO. El impacto es innegable. El clima est\u00e1 cambiando, los poderes geopol\u00edticos est\u00e1n cambiando, el perfil demogr\u00e1fico est\u00e1 cambiando, las empresas est\u00e1n cambiando. Nuevas empresas y culturas est\u00e1n emergiendo, las redes sociales est\u00e1n transformando los escenarios del mundo en el que vivimos. Todo se halla en una fase de gran cambio radical. No subestimes el esp\u00edritu del tiempo (zeitgeist). Es grande. Es fuerte. Es r\u00e1pido. Es irreversible. No te quedes de brazos cruzados. Adel\u00e1ntate. Aprende a compartir emociones y valores. Desarrolla una mentalidad flexible. S\u00e9 curioso, atento, disponible. Convi\u00e9rtete, t\u00fa tambi\u00e9n, en un protagonista de este nuevo milenio.<\/p>\n<p>Este Evento (21 minutos) es una Conferencia anual internacional dedicada a veinti\u00fan ideas capaces de reinterpretar el mundo, contadas en dos d\u00edas por 21 oradores, cada uno de los cuales tiene 21 minutos para exponer su propia contribuci\u00f3n mediante breves presentaciones, actuaciones musicales y art\u00edsticas. 21 minutos es una comunidad, una red mundial de personas y de sociedades que han comprendido que el poder de las ideas y del compartir puede fomentar una nueva manera de pensar y puede conducir al mundo a un nivel superior. 21 minutos tiene por objetivo atender las necesidades de nuestra era fomentando un nuevo paradigma evolutivo, que sea un punto de referencia para quienes deseen interactuar eficazmente con las personas, con los entornos y con los escenarios en r\u00e1pida evoluci\u00f3n y en constante transformaci\u00f3n.<\/p>\n<p>Y adem\u00e1s\u2026Por qu\u00e9 21 minutos en As\u00eds. La crisis no es econ\u00f3mica. La crisis es, antes que nada, de valores. Identidad, valores y motivaciones, pero tambi\u00e9n visi\u00f3n, creatividad y dise\u00f1o. Estos son los nuevos retos a los que deben enfrentarse las empresas para poder cambiar en el mundo que cambia. As\u00eds es un lugar internacional de intercambio multidisciplinario. Es una sede natural de reflexi\u00f3n, sobre el presente y el futuro del mundo. As\u00eds es un lugar de escucha, de silencio y de gran inspiraci\u00f3n. Para encontrar el enfoque justo, la justa productividad, las repuestas correctas y las justas metas. Es el lugar donde los hombres y las mujeres comparten sus excelencias para crear relaciones virtuosas que duren a lo largo del tiempo.<\/p>\n<p>Me ha parecido todo de extrema actualidad. De tal forma, atra\u00eddo una vez m\u00e1s por el encanto de la riqueza que surge del compartir y de la escucha, me apunt\u00e9 e invit\u00e9 a decenas de amigos. Todos ellos con un mont\u00f3n de cosas por hacer y probablemente sin ni siquiera tiempo para leer el texto de mi correo electr\u00f3nico, y ya ni hablemos de imprimirse el anexo y le\u00e9rselo tambi\u00e9n. Pero \u2026insist\u00ed con mi invitaci\u00f3n, para que los destinatarios intentasen al menos encontrar un momento de vac\u00edo y de silencio, intentasen relajarse, inspirasen profundamente y, con la excusa de corresponder al tiempo que yo estaba dedicando para escribirles, pudieran tomarse al menos un instante para leerlo. Al final, alguien acept\u00f3. Y estos d\u00edas, fueron muy intensos, cargados de ideas, intercambios, debates.<\/p>\n<p>Despu\u00e9s de las ediciones anteriores, centradas en los tema de la Filosof\u00eda, en 2009, y del Arte, en 2010, este a\u00f1o la edici\u00f3n estaba dedicada a la Ciencia. El pr\u00f3ximo a\u00f1o tratar\u00e1 sobre econom\u00eda. La audiencia era de alt\u00edsimo nivel. Fueron dos d\u00edas de intenso debate interior, zarandeado entre la sensaci\u00f3n de que estamos realmente ya al borde del precipicio de esta Nueva Edad Media, m\u00e1s oscura que la anterior porque se ha adue\u00f1ado de las conciencias, y la clara sensaci\u00f3n de que existe una multitud de mentes, corazones, cuerpos, almas de hombres y mujeres abnegados y concentrados en la &#8216;posibilidad&#8217; de un necesario Renacimiento. Un Renacimiento que debe suceder primero en el interior para que luego pueda tomar forma en el exterior.<\/p>\n<p>Un coro se est\u00e1 lentamente armonizando, discurso tras discurso: todo volver\u00e1 a ponerse en marcha desde abajo; creer poco en las revoluciones populares, creer mucho en las revoluciones personales, interiores. Cada cual tiene el poder y el deber de cambiar las cosas. El Dr.Mario Alonso Puig (uno de los oradores), hablando de una paciente suya que se qued\u00f3 sorda, ciega y muda a los 16 a\u00f1os pero que, a pesar de todo, se licenci\u00f3 con la nota m\u00e1s alta en una de las mejores universidades americanas, nos contaba que esta chica respondiendo a una periodista que le preguntaba si exist\u00eda una cosa peor que ser ciego, dijo: \u201cS\u00ed. Poder ver pero no tener una visi\u00f3n&#8221;.<\/p>\n<p>Esta es la s\u00edntesis final de mi experiencia en As\u00eds: estimularme continua y constantemente para poder ver, para producir una visi\u00f3n de m\u00ed proyectado en un futuro mejor. El mismo Dr.Puig, en la apertura de su discurso, nos brind\u00f3 tambi\u00e9n esta perla de sencillez: &#8220;Hay tres palabras que pueden abrir una brecha en el coraz\u00f3n de una persona: lo siento; por favor; gracias&#8221;. Y me sobrevino una certeza: \u00a1la vida es simple! Y de la misma manera, reflexionando sobre c\u00f3mo es posible que en la naturaleza ninguna de las actividades espont\u00e1neas que en ella se manifiestan est\u00e9n enfocadas naturalmente (\u00a1precisamente!) hacia ninguna forma de acumulaci\u00f3n que trascienda la supervivencia (ej. para los animales que hibernan), excepto que en las actividades humanas; una acci\u00f3n que se contrapone, por otro lado, a las exhortaciones de todos los sabios que han poblado nuestro planeta a lo largo de los siglos y que nos han recordado constantemente que llegamos desnudos a este mundo y que desnudos lo abandonaremos.<\/p>\n<p>Por lo tanto: \u2026\u00bfpor qu\u00e9 acumulamos? Gracias tambi\u00e9n al Profesor Giulio Giorello me vuelve a la memoria Spinoza y su c\u00e9lebre cita: &#8220;Un hombre libre en nada piensa menos que en la muerte, y su sabidur\u00eda no es una meditaci\u00f3n de la muerte, sino de la vida&#8221;. La Dra. Tali Sharot, uno de los m\u00e1ximos expertos mundiales de los mecanismos que regulan la actividad del cerebro, nos invitaba a ser optimistas no tanto por el placer de una vida &#8216;positiva pero est\u00e9ril&#8217; sino como una profec\u00eda autocumplida; una posibilidad que recae totalmente en nuestras manos. Y a continuaci\u00f3n, nos ped\u00eda recurrir m\u00e1s a la imaginaci\u00f3n (creativa) puesto que nosotros somos la \u00fanica especie que la ha desarrollado de forma tan compleja.<\/p>\n<p>Discurso tras discurso, un encadenamiento continuo de est\u00edmulos y de reflexiones sobre el constante devenir: las reflexiones desde el espacio de Paolo Nespoli (astronauta italiano); las nuevas ciudades del urbanista m\u00e1s tecnol\u00f3gico del mundo (Carlo Ratti); la esperanza del pl\u00e1stico biodegradable en el agua y producido sin petr\u00f3leo (Marco Astorri). Un marat\u00f3n de visiones y de posibilidades de renacer actuando. Adem\u00e1s de los fundamentos de las distintas disciplinas que estudiamos a lo largo de nuestra vida, creo que precisamente estas deber\u00eda ser las nuevas asignaturas ense\u00f1adas en las escuelas, en las empresas y en todos los lugares dedicados al proceso educativo: &#8220;C\u00f3mo ser creativos&#8221;, &#8220;c\u00f3mo creer en s\u00ed mismo&#8221;, &#8220;c\u00f3mo alimentarse&#8221;, &#8220;c\u00f3mo gestionarse a s\u00ed mismo&#8221;, recurriendo a la sorpresa y a la maravilla como instrumentos esenciales para acceder al conocimiento.<\/p>\n<p>Me surge una reflexi\u00f3n espont\u00e1nea: \u00a1me parece que son las asignaturas m\u00e1s antiguas del mundo! Resumiendo, creo exactamente en lo que ha dicho el Dr.Paoletti, presidente de la sesi\u00f3n, &#8220;Solamente aquel que comunica, agrupa y comparte es un portador de esperanza. Y cuando el momento econ\u00f3mico es crucial, esto lleva a la activaci\u00f3n de un nuevo momento filos\u00f3fico. Has nacido para aprender y tienes la obligaci\u00f3n de seguir haci\u00e9ndolo&#8221;. Y, perm\u00edtanme a\u00f1adir: &#8220;\u00a1Hay que hacerlo ahora!&#8221;<\/p>\n","protected":false},"excerpt":{"rendered":"<p>La revoluci\u00f3n est\u00e1 en acto. Un momento econ\u00f3mico significativo conduce a un nuevo momento filos\u00f3fico. Has nacido para aprender y tienes la obligaci\u00f3n de seguir haci\u00e9ndolo. \u00a1Y debes hacerlo ahora!<\/p>\n","protected":false},"author":2,"featured_media":37252,"comment_status":"open","ping_status":"closed","sticky":false,"template":"","format":"standard","meta":{"_acf_changed":false,"footnotes":""},"categories":[76,73,75,83],"tags":[],"class_list":["post-39695","post","type-post","status-publish","format-standard","has-post-thumbnail","hentry","category-economia-0-0-es","category-humanovability-es","category-economia-esferica","category-educacion"],"acf":[],"yoast_head":"<!-- This site is optimized with the Yoast SEO plugin v27.1.1 - https:\/\/yoast.com\/product\/yoast-seo-wordpress\/ -->\n<title>\u00a1Has Nacido Para Aprender y Debes Hacerlo Ahora! - Oscar Di Montigny<\/title>\n<meta name=\"robots\" content=\"index, follow, max-snippet:-1, max-image-preview:large, max-video-preview:-1\" \/>\n<link rel=\"canonical\" href=\"https:\/\/www.oscardimontigny.it\/es\/nacido-para-aprender\/\" \/>\n<meta property=\"og:locale\" content=\"es_ES\" \/>\n<meta property=\"og:type\" content=\"article\" \/>\n<meta property=\"og:title\" content=\"\u00a1Has Nacido Para Aprender y Debes Hacerlo Ahora! - Oscar Di Montigny\" \/>\n<meta property=\"og:description\" content=\"La revoluci\u00f3n est\u00e1 en acto. Un momento econ\u00f3mico significativo conduce a un nuevo momento filos\u00f3fico. Has nacido para aprender y tienes la obligaci\u00f3n de seguir haci\u00e9ndolo. \u00a1Y debes hacerlo ahora!\" \/>\n<meta property=\"og:url\" content=\"https:\/\/www.oscardimontigny.it\/es\/nacido-para-aprender\/\" \/>\n<meta property=\"og:site_name\" content=\"Oscar Di Montigny\" \/>\n<meta property=\"article:published_time\" content=\"2014-10-09T13:16:48+00:00\" \/>\n<meta property=\"article:modified_time\" content=\"2021-09-23T10:02:16+00:00\" \/>\n<meta property=\"og:image\" content=\"https:\/\/www.oscardimontigny.it\/wp-content\/uploads\/2014\/10\/imparare-ad-imparare-800x334-1.jpg\" \/>\n\t<meta property=\"og:image:width\" content=\"800\" \/>\n\t<meta property=\"og:image:height\" content=\"334\" \/>\n\t<meta property=\"og:image:type\" content=\"image\/jpeg\" \/>\n<meta name=\"author\" content=\"Giuliano Di Caro\" \/>\n<meta name=\"twitter:card\" content=\"summary_large_image\" \/>\n<meta name=\"twitter:label1\" content=\"Written by\" \/>\n\t<meta name=\"twitter:data1\" content=\"Giuliano Di Caro\" \/>\n\t<meta name=\"twitter:label2\" content=\"Est. reading time\" \/>\n\t<meta name=\"twitter:data2\" content=\"7 minutes\" \/>\n<script type=\"application\/ld+json\" class=\"yoast-schema-graph\">{\"@context\":\"https:\/\/schema.org\",\"@graph\":[{\"@type\":\"Article\",\"@id\":\"https:\/\/www.oscardimontigny.it\/es\/nacido-para-aprender\/#article\",\"isPartOf\":{\"@id\":\"https:\/\/www.oscardimontigny.it\/es\/nacido-para-aprender\/\"},\"author\":{\"name\":\"Giuliano Di Caro\",\"@id\":\"https:\/\/www.oscardimontigny.it\/es\/#\/schema\/person\/b399c4332eb73d4d7d00652a4fa31624\"},\"headline\":\"\u00a1Has Nacido Para Aprender y Debes Hacerlo Ahora!\",\"datePublished\":\"2014-10-09T13:16:48+00:00\",\"dateModified\":\"2021-09-23T10:02:16+00:00\",\"mainEntityOfPage\":{\"@id\":\"https:\/\/www.oscardimontigny.it\/es\/nacido-para-aprender\/\"},\"wordCount\":1386,\"commentCount\":0,\"image\":{\"@id\":\"https:\/\/www.oscardimontigny.it\/es\/nacido-para-aprender\/#primaryimage\"},\"thumbnailUrl\":\"https:\/\/www.oscardimontigny.it\/wp-content\/uploads\/2014\/10\/imparare-ad-imparare-800x334-1.jpg\",\"articleSection\":[\"Econom\u00eda 0.0\",\"Humanovability\",\"Econom\u00eda Esf\u00e9rica\",\"Educaci\u00f3n\"],\"inLanguage\":\"es-ES\",\"potentialAction\":[{\"@type\":\"CommentAction\",\"name\":\"Comment\",\"target\":[\"https:\/\/www.oscardimontigny.it\/es\/nacido-para-aprender\/#respond\"]}]},{\"@type\":\"WebPage\",\"@id\":\"https:\/\/www.oscardimontigny.it\/es\/nacido-para-aprender\/\",\"url\":\"https:\/\/www.oscardimontigny.it\/es\/nacido-para-aprender\/\",\"name\":\"\u00a1Has Nacido Para Aprender y Debes Hacerlo Ahora! - Oscar Di Montigny\",\"isPartOf\":{\"@id\":\"https:\/\/www.oscardimontigny.it\/es\/#website\"},\"primaryImageOfPage\":{\"@id\":\"https:\/\/www.oscardimontigny.it\/es\/nacido-para-aprender\/#primaryimage\"},\"image\":{\"@id\":\"https:\/\/www.oscardimontigny.it\/es\/nacido-para-aprender\/#primaryimage\"},\"thumbnailUrl\":\"https:\/\/www.oscardimontigny.it\/wp-content\/uploads\/2014\/10\/imparare-ad-imparare-800x334-1.jpg\",\"datePublished\":\"2014-10-09T13:16:48+00:00\",\"dateModified\":\"2021-09-23T10:02:16+00:00\",\"author\":{\"@id\":\"https:\/\/www.oscardimontigny.it\/es\/#\/schema\/person\/b399c4332eb73d4d7d00652a4fa31624\"},\"inLanguage\":\"es-ES\",\"potentialAction\":[{\"@type\":\"ReadAction\",\"target\":[\"https:\/\/www.oscardimontigny.it\/es\/nacido-para-aprender\/\"]}]},{\"@type\":\"ImageObject\",\"inLanguage\":\"es-ES\",\"@id\":\"https:\/\/www.oscardimontigny.it\/es\/nacido-para-aprender\/#primaryimage\",\"url\":\"https:\/\/www.oscardimontigny.it\/wp-content\/uploads\/2014\/10\/imparare-ad-imparare-800x334-1.jpg\",\"contentUrl\":\"https:\/\/www.oscardimontigny.it\/wp-content\/uploads\/2014\/10\/imparare-ad-imparare-800x334-1.jpg\",\"width\":800,\"height\":334},{\"@type\":\"WebSite\",\"@id\":\"https:\/\/www.oscardimontigny.it\/es\/#website\",\"url\":\"https:\/\/www.oscardimontigny.it\/es\/\",\"name\":\"Oscar Di Montigny\",\"description\":\"\",\"potentialAction\":[{\"@type\":\"SearchAction\",\"target\":{\"@type\":\"EntryPoint\",\"urlTemplate\":\"https:\/\/www.oscardimontigny.it\/es\/?s={search_term_string}\"},\"query-input\":{\"@type\":\"PropertyValueSpecification\",\"valueRequired\":true,\"valueName\":\"search_term_string\"}}],\"inLanguage\":\"es-ES\"},{\"@type\":\"Person\",\"@id\":\"https:\/\/www.oscardimontigny.it\/es\/#\/schema\/person\/b399c4332eb73d4d7d00652a4fa31624\",\"name\":\"Giuliano Di Caro\",\"url\":\"https:\/\/www.oscardimontigny.it\/es\/author\/giuliano\/\"}]}<\/script>\n<!-- \/ Yoast SEO plugin. -->","yoast_head_json":{"title":"\u00a1Has Nacido Para Aprender y Debes Hacerlo Ahora! - Oscar Di Montigny","robots":{"index":"index","follow":"follow","max-snippet":"max-snippet:-1","max-image-preview":"max-image-preview:large","max-video-preview":"max-video-preview:-1"},"canonical":"https:\/\/www.oscardimontigny.it\/es\/nacido-para-aprender\/","og_locale":"es_ES","og_type":"article","og_title":"\u00a1Has Nacido Para Aprender y Debes Hacerlo Ahora! - Oscar Di Montigny","og_description":"La revoluci\u00f3n est\u00e1 en acto. Un momento econ\u00f3mico significativo conduce a un nuevo momento filos\u00f3fico. Has nacido para aprender y tienes la obligaci\u00f3n de seguir haci\u00e9ndolo. \u00a1Y debes hacerlo ahora!","og_url":"https:\/\/www.oscardimontigny.it\/es\/nacido-para-aprender\/","og_site_name":"Oscar Di Montigny","article_published_time":"2014-10-09T13:16:48+00:00","article_modified_time":"2021-09-23T10:02:16+00:00","og_image":[{"width":800,"height":334,"url":"https:\/\/www.oscardimontigny.it\/wp-content\/uploads\/2014\/10\/imparare-ad-imparare-800x334-1.jpg","type":"image\/jpeg"}],"author":"Giuliano Di Caro","twitter_card":"summary_large_image","twitter_misc":{"Written by":"Giuliano Di Caro","Est. reading time":"7 minutes"},"schema":{"@context":"https:\/\/schema.org","@graph":[{"@type":"Article","@id":"https:\/\/www.oscardimontigny.it\/es\/nacido-para-aprender\/#article","isPartOf":{"@id":"https:\/\/www.oscardimontigny.it\/es\/nacido-para-aprender\/"},"author":{"name":"Giuliano Di Caro","@id":"https:\/\/www.oscardimontigny.it\/es\/#\/schema\/person\/b399c4332eb73d4d7d00652a4fa31624"},"headline":"\u00a1Has Nacido Para Aprender y Debes Hacerlo Ahora!","datePublished":"2014-10-09T13:16:48+00:00","dateModified":"2021-09-23T10:02:16+00:00","mainEntityOfPage":{"@id":"https:\/\/www.oscardimontigny.it\/es\/nacido-para-aprender\/"},"wordCount":1386,"commentCount":0,"image":{"@id":"https:\/\/www.oscardimontigny.it\/es\/nacido-para-aprender\/#primaryimage"},"thumbnailUrl":"https:\/\/www.oscardimontigny.it\/wp-content\/uploads\/2014\/10\/imparare-ad-imparare-800x334-1.jpg","articleSection":["Econom\u00eda 0.0","Humanovability","Econom\u00eda Esf\u00e9rica","Educaci\u00f3n"],"inLanguage":"es-ES","potentialAction":[{"@type":"CommentAction","name":"Comment","target":["https:\/\/www.oscardimontigny.it\/es\/nacido-para-aprender\/#respond"]}]},{"@type":"WebPage","@id":"https:\/\/www.oscardimontigny.it\/es\/nacido-para-aprender\/","url":"https:\/\/www.oscardimontigny.it\/es\/nacido-para-aprender\/","name":"\u00a1Has Nacido Para Aprender y Debes Hacerlo Ahora! - Oscar Di Montigny","isPartOf":{"@id":"https:\/\/www.oscardimontigny.it\/es\/#website"},"primaryImageOfPage":{"@id":"https:\/\/www.oscardimontigny.it\/es\/nacido-para-aprender\/#primaryimage"},"image":{"@id":"https:\/\/www.oscardimontigny.it\/es\/nacido-para-aprender\/#primaryimage"},"thumbnailUrl":"https:\/\/www.oscardimontigny.it\/wp-content\/uploads\/2014\/10\/imparare-ad-imparare-800x334-1.jpg","datePublished":"2014-10-09T13:16:48+00:00","dateModified":"2021-09-23T10:02:16+00:00","author":{"@id":"https:\/\/www.oscardimontigny.it\/es\/#\/schema\/person\/b399c4332eb73d4d7d00652a4fa31624"},"inLanguage":"es-ES","potentialAction":[{"@type":"ReadAction","target":["https:\/\/www.oscardimontigny.it\/es\/nacido-para-aprender\/"]}]},{"@type":"ImageObject","inLanguage":"es-ES","@id":"https:\/\/www.oscardimontigny.it\/es\/nacido-para-aprender\/#primaryimage","url":"https:\/\/www.oscardimontigny.it\/wp-content\/uploads\/2014\/10\/imparare-ad-imparare-800x334-1.jpg","contentUrl":"https:\/\/www.oscardimontigny.it\/wp-content\/uploads\/2014\/10\/imparare-ad-imparare-800x334-1.jpg","width":800,"height":334},{"@type":"WebSite","@id":"https:\/\/www.oscardimontigny.it\/es\/#website","url":"https:\/\/www.oscardimontigny.it\/es\/","name":"Oscar Di Montigny","description":"","potentialAction":[{"@type":"SearchAction","target":{"@type":"EntryPoint","urlTemplate":"https:\/\/www.oscardimontigny.it\/es\/?s={search_term_string}"},"query-input":{"@type":"PropertyValueSpecification","valueRequired":true,"valueName":"search_term_string"}}],"inLanguage":"es-ES"},{"@type":"Person","@id":"https:\/\/www.oscardimontigny.it\/es\/#\/schema\/person\/b399c4332eb73d4d7d00652a4fa31624","name":"Giuliano Di Caro","url":"https:\/\/www.oscardimontigny.it\/es\/author\/giuliano\/"}]}},"_links":{"self":[{"href":"https:\/\/www.oscardimontigny.it\/es\/wp-json\/wp\/v2\/posts\/39695","targetHints":{"allow":["GET"]}}],"collection":[{"href":"https:\/\/www.oscardimontigny.it\/es\/wp-json\/wp\/v2\/posts"}],"about":[{"href":"https:\/\/www.oscardimontigny.it\/es\/wp-json\/wp\/v2\/types\/post"}],"author":[{"embeddable":true,"href":"https:\/\/www.oscardimontigny.it\/es\/wp-json\/wp\/v2\/users\/2"}],"replies":[{"embeddable":true,"href":"https:\/\/www.oscardimontigny.it\/es\/wp-json\/wp\/v2\/comments?post=39695"}],"version-history":[{"count":1,"href":"https:\/\/www.oscardimontigny.it\/es\/wp-json\/wp\/v2\/posts\/39695\/revisions"}],"predecessor-version":[{"id":39696,"href":"https:\/\/www.oscardimontigny.it\/es\/wp-json\/wp\/v2\/posts\/39695\/revisions\/39696"}],"wp:featuredmedia":[{"embeddable":true,"href":"https:\/\/www.oscardimontigny.it\/es\/wp-json\/wp\/v2\/media\/37252"}],"wp:attachment":[{"href":"https:\/\/www.oscardimontigny.it\/es\/wp-json\/wp\/v2\/media?parent=39695"}],"wp:term":[{"taxonomy":"category","embeddable":true,"href":"https:\/\/www.oscardimontigny.it\/es\/wp-json\/wp\/v2\/categories?post=39695"},{"taxonomy":"post_tag","embeddable":true,"href":"https:\/\/www.oscardimontigny.it\/es\/wp-json\/wp\/v2\/tags?post=39695"}],"curies":[{"name":"wp","href":"https:\/\/api.w.org\/{rel}","templated":true}]}}