{"id":39688,"date":"2014-10-09T15:47:46","date_gmt":"2014-10-09T13:47:46","guid":{"rendered":"https:\/\/www.oscardimontigny.it\/sistema-capitalista-assedio\/"},"modified":"2021-09-23T11:58:26","modified_gmt":"2021-09-23T09:58:26","slug":"sistema-capitalista-bajo-asedio","status":"publish","type":"post","link":"https:\/\/www.oscardimontigny.it\/es\/sistema-capitalista-bajo-asedio\/","title":{"rendered":"\u00a1El Sistema Capistalista est\u00e0 Bajo Asedio!"},"content":{"rendered":"<p>Est\u00e1 claro, es evidente, es obvio: el sistema capitalista est\u00e1 bajo asedio. Se apunta a este sistema como la principal causa de los problemas sociales, ambientales y econ\u00f3micos que estamos encarando, y ha prosperado durante a\u00f1os a expensas del resto de la comunidad. La legitimidad civil de las empresas descendi\u00f3 en el \u00faltimo decenio hasta niveles nunca vistos antes en la historia reciente. Esta desconfianza, que ha aumentado mucho recientemente, y este recelo hacia el mundo de los negocios, est\u00e1 llevando a los gobernantes de los pa\u00edses a plantear pol\u00edticas econ\u00f3micas tan indiscriminadas que socavan los cimientos de la fuerza competitiva de las empresas que es la linfa vital del crecimiento econ\u00f3mico.<\/p>\n<p>Como hombre de negocios que soy, he podido encontrar y conocer a exponentes de muchas actividades empresariales distintas de la m\u00eda y he podido reflexionar sobre c\u00f3mo la mayor parte del problema social al que nos enfrentamos resida en gran parte tambi\u00e9n en las empresas en cuesti\u00f3n, en sus l\u00edderes y en su gerencia, todos ellos encerrados en una c\u00f3moda celda de aislamiento en cuyas ventanas hay tres barrotes inexpugnables:1. La ausencia de una Visi\u00f3n a largo plazo, esa luz que permite responder a la pregunta &#8220;\u00bfAd\u00f3nde quiero ir?&#8221;, es a menudo causa de desorientaci\u00f3n o, peor a\u00fan, de orientaci\u00f3n casual de la empresa.&#8221; 2. El hecho de no compartir una Misi\u00f3n que vincule fuertemente la pr\u00e1ctica cotidiana del negocio con un objetivo \u00edntimo, estrechamente aspiracional y sincero, que contemple el propio bien, el bien de la empresa, y tambi\u00e9n el bien de la toda la comunidad.<\/p>\n<p>La capacidad de responder siempre de forma coherente y trasparente a la pregunta: &#8220;\u00bfPor qu\u00e9 lo quiero?&#8221; es la verdadera soluci\u00f3n en los momentos de indecisi\u00f3n, cuando se asoma la duda, y en los momentos de mayor debilidad y fragilidad.3. Por \u00faltimo, existe la evidente incapacidad de saber renovarse. No solo el sistema no ha sido capaz de secundar el paso generacional sino que tampoco los exponentes de las nuevas generaciones han sido hasta ahora capaces de proponerse como futuros l\u00edderes. Y no sirve de nada preguntarse si es as\u00ed porque no fueron educados y orientados para dicha posibilidad por quienes los precedieron. &#8220;No sabemos si cambiando se mejora; pero sabemos que para mejorar hay que cambiar&#8221; \u2013 dec\u00eda Churchill \u2013y yo no veo a mi alrededor la voluntad de cambiar. Veo (y siento), por el contrario, una cada vez m\u00e1s habitual tendencia a quejarse, no seguida, sin embargo, por un empe\u00f1o encaminado a proponer soluciones.<\/p>\n<p>Debemos hallar las fuerzas para abandonar las ilusiones y las vulgaridades de la Edad del Hierro y dejarnos atraer por la luz de la Edad del Oro. Debemos abandonar la periferia y todos nuestros v\u00ednculos y volver al n\u00facleo, al centro del Todo, donde ya no existe el &#8216;solo Yo&#8217; sino el &#8216;Yo y todo el conjunto del que formo parte&#8217;.<\/p>\n<p>En las empresas, debemos preguntarnos c\u00f3mo lograr combinar el \u00e9xito de la empresa con el progreso social. El verdadero valor al que debemos apuntar ya no es (solo) la responsabilidad social, la filantrop\u00eda, o incluso la simple sostenibilidad, sino encontrar una manera &#8216;nueva&#8217; para alcanzar ese \u00e9xito econ\u00f3mico que es necesario para la supervivencia de una empresa y para producir un excedente (el margen) el cual, una vez puesto de nuevo en circulaci\u00f3n, generar\u00e1 m\u00e1s bienestar para todos.<\/p>\n<p>Debemos empujar hacia el declive definitivo al Tiempo de la Acumulaci\u00f3n y contribuir a poner en marcha el Tiempo del Compartir. Un n\u00famero cada vez mayor de empresas famosas, como por ejemplo GE, Google, IBM, Intel, Johnson&amp;Johnson, Nestl\u00e9, Unilever y Wal-Mart, ya han emprendido esfuerzos considerables para crear valor-compartido y contribuir, por tanto, a restablecer la intersecci\u00f3n entre la sociedad civil y los rendimientos empresariales. Sin embargo, la curva de crecimiento de esta sensibilidad por parte de otras muchas empresas es todav\u00eda muy baja. \u00bfQuiz\u00e1s porque quien deber\u00eda fomentarla es la persona que m\u00e1s perder\u00eda con este sistema?<\/p>\n<p>Hay que pedir con fuerza a los directivos y administradores que desarrollen nuevas competencias, que adquieran nuevos conocimientos y desarrollen una mayor sensibilidad para detectar (y, de ser posible, anticipar) las necesidades de la sociedad para, luego, poderlas satisfacer. Las empresas del futuro deber\u00e1n desarrollar una mayor comprensi\u00f3n de las verdaderas-nuevas bases de la productividad empresarial y estudiar la posibilidad de coexistir en la sociedad derribando la barrera que aun defiende las fronteras entre profit, no-profit, low profit y\u2026right profit.<\/p>\n<p>El Gobierno, por su parte, deber\u00e1 aprender a reglamentar y normalizar las modalidades que permitir\u00e1n compartir este nuevo-valor. El capitalismo es un veh\u00edculo dotado de una fuerza sin igual para satisfacer las necesidades humanas, para mejorar la eficiencia en\u00a0general, para crear puestos de trabajo y riqueza que contribuyan al incremento de la calidad de vida; y es el capitalismo que puede marcar la diferencia transformando la visi\u00f3n de un hombre de buen coraz\u00f3n de idea a materia, creando bienestar concreto para muchos.<\/p>\n<p>Las empresas, como tales, aun m\u00e1s que los benefactores o los fil\u00e1ntropos, son la fuerza m\u00e1s poderosa que tenemos a disposici\u00f3n para abordar las cuestiones urgentes que se nos plantean diariamente a nivel mundial. Ha llegado el momento para una nueva concepci\u00f3n del capitalismo. Las misiones de las empresas deben replantearse a fin de guiar el negocio hacia la creaci\u00f3n de valor compartido y ya no solo para acumular. Esto, m\u00e1s que cualquier otra cosa, facilitar\u00e1 la pr\u00f3xima ola de innovaci\u00f3n y el crecimiento de la productividad en la econom\u00eda global. Para los empresarios, para los m\u00e1nagers, gerentes o empleados, aprender a crear valor-compartido ser\u00e1 la mejor oportunidad para legitimar el negocio al que se dedican cotidianamente, adem\u00e1s de para dar un mayor sentido a su vida.<\/p>\n","protected":false},"excerpt":{"rendered":"<p>Las empresas necesitan visi\u00f3n de future: diferencias entre profit, no profit y right profit.<\/p>\n","protected":false},"author":2,"featured_media":37243,"comment_status":"open","ping_status":"closed","sticky":false,"template":"","format":"standard","meta":{"_acf_changed":false,"footnotes":""},"categories":[76,73,75,89],"tags":[],"class_list":["post-39688","post","type-post","status-publish","format-standard","has-post-thumbnail","hentry","category-economia-0-0-es","category-humanovability-es","category-economia-esferica","category-marketing-es"],"acf":[],"yoast_head":"<!-- This site is optimized with the Yoast SEO plugin v27.1.1 - https:\/\/yoast.com\/product\/yoast-seo-wordpress\/ -->\n<title>\u00a1El Sistema Capistalista est\u00e0 Bajo Asedio! - Oscar Di Montigny<\/title>\n<meta name=\"robots\" content=\"index, follow, max-snippet:-1, max-image-preview:large, max-video-preview:-1\" \/>\n<link rel=\"canonical\" href=\"https:\/\/www.oscardimontigny.it\/es\/sistema-capitalista-bajo-asedio\/\" \/>\n<meta property=\"og:locale\" content=\"es_ES\" \/>\n<meta property=\"og:type\" content=\"article\" \/>\n<meta property=\"og:title\" content=\"\u00a1El Sistema Capistalista est\u00e0 Bajo Asedio! - Oscar Di Montigny\" \/>\n<meta property=\"og:description\" content=\"Las empresas necesitan visi\u00f3n de future: diferencias entre profit, no profit y right profit.\" \/>\n<meta property=\"og:url\" content=\"https:\/\/www.oscardimontigny.it\/es\/sistema-capitalista-bajo-asedio\/\" \/>\n<meta property=\"og:site_name\" content=\"Oscar Di Montigny\" \/>\n<meta property=\"article:published_time\" content=\"2014-10-09T13:47:46+00:00\" \/>\n<meta property=\"article:modified_time\" content=\"2021-09-23T09:58:26+00:00\" \/>\n<meta property=\"og:image\" content=\"https:\/\/www.oscardimontigny.it\/wp-content\/uploads\/2014\/10\/capitalismo-libertad-y-progreso-1102x334-1.jpg\" \/>\n\t<meta property=\"og:image:width\" content=\"1102\" \/>\n\t<meta property=\"og:image:height\" content=\"334\" \/>\n\t<meta property=\"og:image:type\" content=\"image\/jpeg\" \/>\n<meta name=\"author\" content=\"Giuliano Di Caro\" \/>\n<meta name=\"twitter:card\" content=\"summary_large_image\" \/>\n<meta name=\"twitter:label1\" content=\"Written by\" \/>\n\t<meta name=\"twitter:data1\" content=\"Giuliano Di Caro\" \/>\n\t<meta name=\"twitter:label2\" content=\"Est. reading time\" \/>\n\t<meta name=\"twitter:data2\" content=\"5 minutes\" \/>\n<script type=\"application\/ld+json\" class=\"yoast-schema-graph\">{\"@context\":\"https:\/\/schema.org\",\"@graph\":[{\"@type\":\"Article\",\"@id\":\"https:\/\/www.oscardimontigny.it\/es\/sistema-capitalista-bajo-asedio\/#article\",\"isPartOf\":{\"@id\":\"https:\/\/www.oscardimontigny.it\/es\/sistema-capitalista-bajo-asedio\/\"},\"author\":{\"name\":\"Giuliano Di Caro\",\"@id\":\"https:\/\/www.oscardimontigny.it\/es\/#\/schema\/person\/b399c4332eb73d4d7d00652a4fa31624\"},\"headline\":\"\u00a1El Sistema Capistalista est\u00e0 Bajo Asedio!\",\"datePublished\":\"2014-10-09T13:47:46+00:00\",\"dateModified\":\"2021-09-23T09:58:26+00:00\",\"mainEntityOfPage\":{\"@id\":\"https:\/\/www.oscardimontigny.it\/es\/sistema-capitalista-bajo-asedio\/\"},\"wordCount\":1008,\"commentCount\":0,\"image\":{\"@id\":\"https:\/\/www.oscardimontigny.it\/es\/sistema-capitalista-bajo-asedio\/#primaryimage\"},\"thumbnailUrl\":\"https:\/\/www.oscardimontigny.it\/wp-content\/uploads\/2014\/10\/capitalismo-libertad-y-progreso-1102x334-1.jpg\",\"articleSection\":[\"Econom\u00eda 0.0\",\"Humanovability\",\"Econom\u00eda Esf\u00e9rica\",\"M\u00e1rketing\"],\"inLanguage\":\"es-ES\",\"potentialAction\":[{\"@type\":\"CommentAction\",\"name\":\"Comment\",\"target\":[\"https:\/\/www.oscardimontigny.it\/es\/sistema-capitalista-bajo-asedio\/#respond\"]}]},{\"@type\":\"WebPage\",\"@id\":\"https:\/\/www.oscardimontigny.it\/es\/sistema-capitalista-bajo-asedio\/\",\"url\":\"https:\/\/www.oscardimontigny.it\/es\/sistema-capitalista-bajo-asedio\/\",\"name\":\"\u00a1El Sistema Capistalista est\u00e0 Bajo Asedio! - Oscar Di Montigny\",\"isPartOf\":{\"@id\":\"https:\/\/www.oscardimontigny.it\/es\/#website\"},\"primaryImageOfPage\":{\"@id\":\"https:\/\/www.oscardimontigny.it\/es\/sistema-capitalista-bajo-asedio\/#primaryimage\"},\"image\":{\"@id\":\"https:\/\/www.oscardimontigny.it\/es\/sistema-capitalista-bajo-asedio\/#primaryimage\"},\"thumbnailUrl\":\"https:\/\/www.oscardimontigny.it\/wp-content\/uploads\/2014\/10\/capitalismo-libertad-y-progreso-1102x334-1.jpg\",\"datePublished\":\"2014-10-09T13:47:46+00:00\",\"dateModified\":\"2021-09-23T09:58:26+00:00\",\"author\":{\"@id\":\"https:\/\/www.oscardimontigny.it\/es\/#\/schema\/person\/b399c4332eb73d4d7d00652a4fa31624\"},\"inLanguage\":\"es-ES\",\"potentialAction\":[{\"@type\":\"ReadAction\",\"target\":[\"https:\/\/www.oscardimontigny.it\/es\/sistema-capitalista-bajo-asedio\/\"]}]},{\"@type\":\"ImageObject\",\"inLanguage\":\"es-ES\",\"@id\":\"https:\/\/www.oscardimontigny.it\/es\/sistema-capitalista-bajo-asedio\/#primaryimage\",\"url\":\"https:\/\/www.oscardimontigny.it\/wp-content\/uploads\/2014\/10\/capitalismo-libertad-y-progreso-1102x334-1.jpg\",\"contentUrl\":\"https:\/\/www.oscardimontigny.it\/wp-content\/uploads\/2014\/10\/capitalismo-libertad-y-progreso-1102x334-1.jpg\",\"width\":1102,\"height\":334},{\"@type\":\"WebSite\",\"@id\":\"https:\/\/www.oscardimontigny.it\/es\/#website\",\"url\":\"https:\/\/www.oscardimontigny.it\/es\/\",\"name\":\"Oscar Di Montigny\",\"description\":\"\",\"potentialAction\":[{\"@type\":\"SearchAction\",\"target\":{\"@type\":\"EntryPoint\",\"urlTemplate\":\"https:\/\/www.oscardimontigny.it\/es\/?s={search_term_string}\"},\"query-input\":{\"@type\":\"PropertyValueSpecification\",\"valueRequired\":true,\"valueName\":\"search_term_string\"}}],\"inLanguage\":\"es-ES\"},{\"@type\":\"Person\",\"@id\":\"https:\/\/www.oscardimontigny.it\/es\/#\/schema\/person\/b399c4332eb73d4d7d00652a4fa31624\",\"name\":\"Giuliano Di Caro\",\"url\":\"https:\/\/www.oscardimontigny.it\/es\/author\/giuliano\/\"}]}<\/script>\n<!-- \/ Yoast SEO plugin. -->","yoast_head_json":{"title":"\u00a1El Sistema Capistalista est\u00e0 Bajo Asedio! - Oscar Di Montigny","robots":{"index":"index","follow":"follow","max-snippet":"max-snippet:-1","max-image-preview":"max-image-preview:large","max-video-preview":"max-video-preview:-1"},"canonical":"https:\/\/www.oscardimontigny.it\/es\/sistema-capitalista-bajo-asedio\/","og_locale":"es_ES","og_type":"article","og_title":"\u00a1El Sistema Capistalista est\u00e0 Bajo Asedio! - Oscar Di Montigny","og_description":"Las empresas necesitan visi\u00f3n de future: diferencias entre profit, no profit y right profit.","og_url":"https:\/\/www.oscardimontigny.it\/es\/sistema-capitalista-bajo-asedio\/","og_site_name":"Oscar Di Montigny","article_published_time":"2014-10-09T13:47:46+00:00","article_modified_time":"2021-09-23T09:58:26+00:00","og_image":[{"width":1102,"height":334,"url":"https:\/\/www.oscardimontigny.it\/wp-content\/uploads\/2014\/10\/capitalismo-libertad-y-progreso-1102x334-1.jpg","type":"image\/jpeg"}],"author":"Giuliano Di Caro","twitter_card":"summary_large_image","twitter_misc":{"Written by":"Giuliano Di Caro","Est. reading time":"5 minutes"},"schema":{"@context":"https:\/\/schema.org","@graph":[{"@type":"Article","@id":"https:\/\/www.oscardimontigny.it\/es\/sistema-capitalista-bajo-asedio\/#article","isPartOf":{"@id":"https:\/\/www.oscardimontigny.it\/es\/sistema-capitalista-bajo-asedio\/"},"author":{"name":"Giuliano Di Caro","@id":"https:\/\/www.oscardimontigny.it\/es\/#\/schema\/person\/b399c4332eb73d4d7d00652a4fa31624"},"headline":"\u00a1El Sistema Capistalista est\u00e0 Bajo Asedio!","datePublished":"2014-10-09T13:47:46+00:00","dateModified":"2021-09-23T09:58:26+00:00","mainEntityOfPage":{"@id":"https:\/\/www.oscardimontigny.it\/es\/sistema-capitalista-bajo-asedio\/"},"wordCount":1008,"commentCount":0,"image":{"@id":"https:\/\/www.oscardimontigny.it\/es\/sistema-capitalista-bajo-asedio\/#primaryimage"},"thumbnailUrl":"https:\/\/www.oscardimontigny.it\/wp-content\/uploads\/2014\/10\/capitalismo-libertad-y-progreso-1102x334-1.jpg","articleSection":["Econom\u00eda 0.0","Humanovability","Econom\u00eda Esf\u00e9rica","M\u00e1rketing"],"inLanguage":"es-ES","potentialAction":[{"@type":"CommentAction","name":"Comment","target":["https:\/\/www.oscardimontigny.it\/es\/sistema-capitalista-bajo-asedio\/#respond"]}]},{"@type":"WebPage","@id":"https:\/\/www.oscardimontigny.it\/es\/sistema-capitalista-bajo-asedio\/","url":"https:\/\/www.oscardimontigny.it\/es\/sistema-capitalista-bajo-asedio\/","name":"\u00a1El Sistema Capistalista est\u00e0 Bajo Asedio! - Oscar Di Montigny","isPartOf":{"@id":"https:\/\/www.oscardimontigny.it\/es\/#website"},"primaryImageOfPage":{"@id":"https:\/\/www.oscardimontigny.it\/es\/sistema-capitalista-bajo-asedio\/#primaryimage"},"image":{"@id":"https:\/\/www.oscardimontigny.it\/es\/sistema-capitalista-bajo-asedio\/#primaryimage"},"thumbnailUrl":"https:\/\/www.oscardimontigny.it\/wp-content\/uploads\/2014\/10\/capitalismo-libertad-y-progreso-1102x334-1.jpg","datePublished":"2014-10-09T13:47:46+00:00","dateModified":"2021-09-23T09:58:26+00:00","author":{"@id":"https:\/\/www.oscardimontigny.it\/es\/#\/schema\/person\/b399c4332eb73d4d7d00652a4fa31624"},"inLanguage":"es-ES","potentialAction":[{"@type":"ReadAction","target":["https:\/\/www.oscardimontigny.it\/es\/sistema-capitalista-bajo-asedio\/"]}]},{"@type":"ImageObject","inLanguage":"es-ES","@id":"https:\/\/www.oscardimontigny.it\/es\/sistema-capitalista-bajo-asedio\/#primaryimage","url":"https:\/\/www.oscardimontigny.it\/wp-content\/uploads\/2014\/10\/capitalismo-libertad-y-progreso-1102x334-1.jpg","contentUrl":"https:\/\/www.oscardimontigny.it\/wp-content\/uploads\/2014\/10\/capitalismo-libertad-y-progreso-1102x334-1.jpg","width":1102,"height":334},{"@type":"WebSite","@id":"https:\/\/www.oscardimontigny.it\/es\/#website","url":"https:\/\/www.oscardimontigny.it\/es\/","name":"Oscar Di Montigny","description":"","potentialAction":[{"@type":"SearchAction","target":{"@type":"EntryPoint","urlTemplate":"https:\/\/www.oscardimontigny.it\/es\/?s={search_term_string}"},"query-input":{"@type":"PropertyValueSpecification","valueRequired":true,"valueName":"search_term_string"}}],"inLanguage":"es-ES"},{"@type":"Person","@id":"https:\/\/www.oscardimontigny.it\/es\/#\/schema\/person\/b399c4332eb73d4d7d00652a4fa31624","name":"Giuliano Di Caro","url":"https:\/\/www.oscardimontigny.it\/es\/author\/giuliano\/"}]}},"_links":{"self":[{"href":"https:\/\/www.oscardimontigny.it\/es\/wp-json\/wp\/v2\/posts\/39688","targetHints":{"allow":["GET"]}}],"collection":[{"href":"https:\/\/www.oscardimontigny.it\/es\/wp-json\/wp\/v2\/posts"}],"about":[{"href":"https:\/\/www.oscardimontigny.it\/es\/wp-json\/wp\/v2\/types\/post"}],"author":[{"embeddable":true,"href":"https:\/\/www.oscardimontigny.it\/es\/wp-json\/wp\/v2\/users\/2"}],"replies":[{"embeddable":true,"href":"https:\/\/www.oscardimontigny.it\/es\/wp-json\/wp\/v2\/comments?post=39688"}],"version-history":[{"count":1,"href":"https:\/\/www.oscardimontigny.it\/es\/wp-json\/wp\/v2\/posts\/39688\/revisions"}],"predecessor-version":[{"id":39689,"href":"https:\/\/www.oscardimontigny.it\/es\/wp-json\/wp\/v2\/posts\/39688\/revisions\/39689"}],"wp:featuredmedia":[{"embeddable":true,"href":"https:\/\/www.oscardimontigny.it\/es\/wp-json\/wp\/v2\/media\/37243"}],"wp:attachment":[{"href":"https:\/\/www.oscardimontigny.it\/es\/wp-json\/wp\/v2\/media?parent=39688"}],"wp:term":[{"taxonomy":"category","embeddable":true,"href":"https:\/\/www.oscardimontigny.it\/es\/wp-json\/wp\/v2\/categories?post=39688"},{"taxonomy":"post_tag","embeddable":true,"href":"https:\/\/www.oscardimontigny.it\/es\/wp-json\/wp\/v2\/tags?post=39688"}],"curies":[{"name":"wp","href":"https:\/\/api.w.org\/{rel}","templated":true}]}}